{"id":14292,"date":"2025-11-30T11:28:00","date_gmt":"2025-11-30T11:28:00","guid":{"rendered":"https:\/\/cineclubeguimaraes.org\/wordpress\/?p=14292"},"modified":"2025-12-06T09:54:08","modified_gmt":"2025-12-06T09:54:08","slug":"06-dez-a-menina-que-lambeu-o-gato","status":"publish","type":"post","link":"https:\/\/cineclubeguimaraes.org\/wordpress\/?p=14292","title":{"rendered":"06 DEZ | A Menina que Lambeu o Gato"},"content":{"rendered":"\n<p>S\u00e1bado, 6 de dezembro de 2025, 16h00. Sede do Cineclube de Guimar\u00e3es. Entrada livre! Lan\u00e7amento de livro. <\/p>\n\n\n\n<figure class=\"wp-block-image size-large\"><a href=\"https:\/\/cineclubeguimaraes.org\/wordpress\/wp-content\/uploads\/2025\/12\/0ffcc1aa-3e3c-447a-82bf-91217dd3c261-scaled.jpg\"><img loading=\"lazy\" decoding=\"async\" width=\"1024\" height=\"585\" src=\"https:\/\/cineclubeguimaraes.org\/wordpress\/wp-content\/uploads\/2025\/12\/0ffcc1aa-3e3c-447a-82bf-91217dd3c261-1024x585.jpg\" alt=\"\" class=\"wp-image-14293\" srcset=\"https:\/\/cineclubeguimaraes.org\/wordpress\/wp-content\/uploads\/2025\/12\/0ffcc1aa-3e3c-447a-82bf-91217dd3c261-1024x585.jpg 1024w, https:\/\/cineclubeguimaraes.org\/wordpress\/wp-content\/uploads\/2025\/12\/0ffcc1aa-3e3c-447a-82bf-91217dd3c261-300x171.jpg 300w, https:\/\/cineclubeguimaraes.org\/wordpress\/wp-content\/uploads\/2025\/12\/0ffcc1aa-3e3c-447a-82bf-91217dd3c261-768x439.jpg 768w, https:\/\/cineclubeguimaraes.org\/wordpress\/wp-content\/uploads\/2025\/12\/0ffcc1aa-3e3c-447a-82bf-91217dd3c261-1536x878.jpg 1536w, https:\/\/cineclubeguimaraes.org\/wordpress\/wp-content\/uploads\/2025\/12\/0ffcc1aa-3e3c-447a-82bf-91217dd3c261-2048x1170.jpg 2048w\" sizes=\"auto, (max-width: 1024px) 100vw, 1024px\" \/><\/a><\/figure>\n\n\n\n<p><strong>E se uma menina lambesse um gato\u2026 e isso salvasse o mundo de algu\u00e9m?<\/strong><\/p>\n\n\n\n<p>A resposta chega em&nbsp;<em>\u201cA Menina que Lambeu o Gato\u201d<\/em>, o novo livro solid\u00e1rio de&nbsp;<strong>Adriana Miranda Ribeiro<\/strong>, produtora de conte\u00fados e autora que decidiu transformar uma parte da sua pr\u00f3pria hist\u00f3ria numa narrativa luminosa para todas as idades.<\/p>\n\n\n\n<p>O livro \u00e9 ilustrado por&nbsp;<strong>C\u00e9lia Torres<\/strong>, farmac\u00eautica que trocou momentaneamente os frascos de laborat\u00f3rio do Hospital de Guimar\u00e3es pelas colagens, e conta com design de&nbsp;<strong>Alexandra Xavier<\/strong>, que lhe deu forma, fazendo deste projeto muito mais do que um livro: um objeto t\u00e3o bonito que apetece ter e\u2026 at\u00e9 lamber.<br>A edi\u00e7\u00e3o \u00e9 do&nbsp;<strong><a href=\"https:\/\/cineclubeguimaraes.org\/wordpress\/\" target=\"_blank\" rel=\"noreferrer noopener\">Cineclube de Guimar\u00e3es<\/a><\/strong>.<\/p>\n\n\n\n<hr class=\"wp-block-separator has-alpha-channel-opacity\"\/>\n\n\n\n<h3 class=\"wp-block-heading\"><strong>Um livro que nasce da vida real<\/strong><\/h3>\n\n\n\n<p>O livro tem uma miss\u00e3o clara: transformar uma viagem avassaladora pela oncologia pedi\u00e1trica, numa mem\u00f3ria rica, com humor e esperan\u00e7a e contribuir para a causa, j\u00e1 que&nbsp;<strong>100% dos lucros revertem para a&nbsp;<a href=\"https:\/\/froc.pt\/\" target=\"_blank\" rel=\"noreferrer noopener\">Funda\u00e7\u00e3o Rui Os\u00f3rio de Castro<\/a><\/strong>, dedicada \u00e0 investiga\u00e7\u00e3o e ao apoio na \u00e1rea do cancro infantil.<\/p>\n\n\n\n<p>A edi\u00e7\u00e3o tornou-se poss\u00edvel gra\u00e7as a um extraordin\u00e1rio gesto coletivo de&nbsp;<em>random act of kindness<\/em>, reunindo apoios de m\u00faltiplas empresas e entidades:<\/p>\n\n\n\n<p><br><strong>Cineclube de Guimar\u00e3es \u2022 Hydrumedical \u2022 Newpet \u2022 C\u00e2mara Municipal de Vila do Conde \u2022 ChemiTek \u2022 Cenertec \u2013 Centro de Energia e Tecnologia \u2022 Confeitaria Primar \u2013 Casa Primar \u2022 FLOAP, Lda. \u2022 Magpoint \u2013 Contabilidade e Auditoria \u2022 PortoWellcome \u2022 Tapetevoador Viagens \u2022 Ventura + Partners<\/strong><\/p>\n\n\n\n<hr class=\"wp-block-separator has-alpha-channel-opacity\"\/>\n\n\n\n<h3 class=\"wp-block-heading\"><strong>Sinopse \u2014 Uma hist\u00f3ria com raiz real e cora\u00e7\u00e3o expandido<\/strong><\/h3>\n\n\n\n<p>Uma m\u00e3e passa a ver o mundo em preto e branco, algo que a filha descobre chamar-se&nbsp;Acromatopsia. Para a curar, a menina inicia uma jornada onde&nbsp;<strong>amor, mem\u00f3ria e coragem<\/strong>&nbsp;s\u00e3o as cores essenciais.<\/p>\n\n\n\n<p><em>&#8220;Numa fam\u00edlia onde as cores s\u00e3o t\u00e3o importantes, soube logo que estava perante um caso grave de Acromatopsia. Se separarmos as s\u00edlabas torna-se mais f\u00e1cil pronunciar: a-cro-ma-top-sia. \u00c9 um nome complicado, eu sei, mas \u00e9 o que se diz das pessoas que veem o mundo a preto e branco (e cinzentos). Soa a \u201cteimosia\u201d e de certa maneira at\u00e9 o \u00e9. A doen\u00e7a atacou a minha m\u00e3e s\u00f3 na idade adulta. E foi inesperado porque, at\u00e9 \u00e0quele momento, em dias de maior felicidade, ela chegava a lan\u00e7ar arco-\u00edris pelos olhos.&#8221;<\/em><\/p>\n\n\n\n<hr class=\"wp-block-separator has-alpha-channel-opacity\"\/>\n\n\n\n<h3 class=\"wp-block-heading\"><strong>Beleza que se transforma em impacto<\/strong><\/h3>\n\n\n\n<p>Para al\u00e9m de irresist\u00edvel enquanto objeto gr\u00e1fico, este livro contribui diretamente para melhorar a vida de crian\u00e7as com cancro.<\/p>\n\n\n\n<p>Em Portugal,&nbsp;<strong>4 em cada 10.000 crian\u00e7as<\/strong>&nbsp;s\u00e3o diagnosticadas com cancro todos os anos. Em 2022, segundo a OCDE e a Comiss\u00e3o Europeia, surgiram&nbsp;<strong>245 novos casos at\u00e9 aos 15 anos<\/strong>&nbsp;\u2014 a taxa mais elevada entre os pa\u00edses avaliados.<br>Ainda assim, a esperan\u00e7a cresce:&nbsp;<strong>a taxa de cura ultrapassa os 82%<\/strong>.<\/p>\n\n\n\n<p><strong>Cada livro comprado \u00e9 um gesto real de mudan\u00e7a.<\/strong><\/p>\n\n\n\n<hr class=\"wp-block-separator has-alpha-channel-opacity\"\/>\n\n\n\n<h3 class=\"wp-block-heading\"><strong>Apresenta\u00e7\u00f5es Oficiais 2025<\/strong><\/h3>\n\n\n\n<p><strong>Guimar\u00e3es<\/strong><br><img decoding=\"async\" alt=\"\ud83d\udcc5\" src=\"https:\/\/fonts.gstatic.com\/s\/e\/notoemoji\/16.0\/1f4c5\/32.png\">&nbsp;6 de dezembro \u2014&nbsp;<img decoding=\"async\" alt=\"\u23f0\" src=\"https:\/\/fonts.gstatic.com\/s\/e\/notoemoji\/16.0\/23f0\/32.png\">&nbsp;16h00<br><img decoding=\"async\" alt=\"\ud83d\udccd\" src=\"https:\/\/fonts.gstatic.com\/s\/e\/notoemoji\/16.0\/1f4cd\/32.png\">&nbsp;<strong>Cineclube de Guimar\u00e3es<\/strong><\/p>\n\n\n\n<p><strong>Porto<\/strong><br><img decoding=\"async\" alt=\"\ud83d\udcc5\" src=\"https:\/\/fonts.gstatic.com\/s\/e\/notoemoji\/16.0\/1f4c5\/32.png\">&nbsp;14 de dezembro \u2014&nbsp;<img decoding=\"async\" alt=\"\u23f0\" src=\"https:\/\/fonts.gstatic.com\/s\/e\/notoemoji\/16.0\/23f0\/32.png\">&nbsp;16h00<br><img decoding=\"async\" alt=\"\ud83d\udccd\" src=\"https:\/\/fonts.gstatic.com\/s\/e\/notoemoji\/16.0\/1f4cd\/32.png\">&nbsp;<strong>Galeria da Biodiversidade, Jardim Bot\u00e2nico da Universidade do Porto<\/strong><\/p>\n\n\n\n<p><strong>Vila do Conde<\/strong><br><img decoding=\"async\" src=\"https:\/\/fonts.gstatic.com\/s\/e\/notoemoji\/16.0\/1f4c5\/32.png\" alt=\"\ud83d\udcc5\">\u00a020 de dezembro \u2014\u00a0<img decoding=\"async\" src=\"https:\/\/fonts.gstatic.com\/s\/e\/notoemoji\/16.0\/23f0\/32.png\" alt=\"\u23f0\">\u00a016h00<br><img decoding=\"async\" src=\"https:\/\/fonts.gstatic.com\/s\/e\/notoemoji\/16.0\/1f4cd\/32.png\" alt=\"\ud83d\udccd\">\u00a0<strong>Casa Antero de Quental<\/strong><\/p>\n\n\n\n<h3 class=\"wp-block-heading\"><strong>Redes Sociais<\/strong><\/h3>\n\n\n\n<p>Website:&nbsp;<a rel=\"noreferrer noopener\" href=\"https:\/\/jaquinagirafa.wixsite.com\/website\" target=\"_blank\">https:\/\/jaquinagirafa.wixsite.com\/website<\/a><br>Facebook:&nbsp;<a rel=\"noreferrer noopener\" href=\"https:\/\/www.facebook.com\/jaquinagirafa\" target=\"_blank\">https:\/\/www.facebook.com\/jaquinagirafa<\/a><br>Instagram:&nbsp;<a rel=\"noreferrer noopener\" href=\"https:\/\/www.instagram.com\/ameninaquelambeuogato\/\" target=\"_blank\">https:\/\/www.instagram.com\/ameninaquelambeuogato\/<\/a><\/p>\n","protected":false},"excerpt":{"rendered":"<p>S\u00e1bado, 6 de dezembro de 2025, 16h00. Sede do Cineclube de Guimar\u00e3es. Entrada livre! Lan\u00e7amento de livro. E se uma menina lambesse um gato\u2026 e isso salvasse o mundo de algu\u00e9m? A resposta chega em&nbsp;\u201cA Menina que Lambeu o Gato\u201d, o novo livro solid\u00e1rio de&nbsp;Adriana Miranda Ribeiro, produtora de conte\u00fados e autora que decidiu transformar [&hellip;]<\/p>\n","protected":false},"author":4,"featured_media":14293,"comment_status":"open","ping_status":"closed","sticky":false,"template":"","format":"standard","meta":{"footnotes":""},"categories":[5],"tags":[],"class_list":["post-14292","post","type-post","status-publish","format-standard","has-post-thumbnail","hentry","category-programacao"],"_links":{"self":[{"href":"https:\/\/cineclubeguimaraes.org\/wordpress\/index.php?rest_route=\/wp\/v2\/posts\/14292","targetHints":{"allow":["GET"]}}],"collection":[{"href":"https:\/\/cineclubeguimaraes.org\/wordpress\/index.php?rest_route=\/wp\/v2\/posts"}],"about":[{"href":"https:\/\/cineclubeguimaraes.org\/wordpress\/index.php?rest_route=\/wp\/v2\/types\/post"}],"author":[{"embeddable":true,"href":"https:\/\/cineclubeguimaraes.org\/wordpress\/index.php?rest_route=\/wp\/v2\/users\/4"}],"replies":[{"embeddable":true,"href":"https:\/\/cineclubeguimaraes.org\/wordpress\/index.php?rest_route=%2Fwp%2Fv2%2Fcomments&post=14292"}],"version-history":[{"count":2,"href":"https:\/\/cineclubeguimaraes.org\/wordpress\/index.php?rest_route=\/wp\/v2\/posts\/14292\/revisions"}],"predecessor-version":[{"id":14296,"href":"https:\/\/cineclubeguimaraes.org\/wordpress\/index.php?rest_route=\/wp\/v2\/posts\/14292\/revisions\/14296"}],"wp:featuredmedia":[{"embeddable":true,"href":"https:\/\/cineclubeguimaraes.org\/wordpress\/index.php?rest_route=\/wp\/v2\/media\/14293"}],"wp:attachment":[{"href":"https:\/\/cineclubeguimaraes.org\/wordpress\/index.php?rest_route=%2Fwp%2Fv2%2Fmedia&parent=14292"}],"wp:term":[{"taxonomy":"category","embeddable":true,"href":"https:\/\/cineclubeguimaraes.org\/wordpress\/index.php?rest_route=%2Fwp%2Fv2%2Fcategories&post=14292"},{"taxonomy":"post_tag","embeddable":true,"href":"https:\/\/cineclubeguimaraes.org\/wordpress\/index.php?rest_route=%2Fwp%2Fv2%2Ftags&post=14292"}],"curies":[{"name":"wp","href":"https:\/\/api.w.org\/{rel}","templated":true}]}}